{"id":8319,"date":"2023-11-05T00:00:09","date_gmt":"2023-11-05T00:00:09","guid":{"rendered":"https:\/\/parquetecnologicomadryn.org.ar\/inicio\/?p=8319"},"modified":"2024-09-13T03:34:56","modified_gmt":"2024-09-13T03:34:56","slug":"importante-firma-de-convenio-entre-el-ministerio-de-ciencia-tecnologia-e-innovacion-de-nacion-y-el-parque-tecnologico-de-puerto-madryn","status":"publish","type":"post","link":"https:\/\/parquetecnologicomadryn.org.ar\/inicio\/importante-firma-de-convenio-entre-el-ministerio-de-ciencia-tecnologia-e-innovacion-de-nacion-y-el-parque-tecnologico-de-puerto-madryn\/","title":{"rendered":"Importante Firma de Convenio entre el Ministerio de Ciencia, Tecnolog\u00eda e Innovaci\u00f3n de Naci\u00f3n y el Parque Tecnol\u00f3gico de Puerto Madryn."},"content":{"rendered":"\t\t<div data-elementor-type=\"wp-post\" data-elementor-id=\"8319\" class=\"elementor elementor-8319\">\n\t\t\t\t\t\t<section class=\"elementor-section elementor-top-section elementor-element elementor-element-4de7038d elementor-section-boxed elementor-section-height-default elementor-section-height-default\" data-id=\"4de7038d\" data-element_type=\"section\" data-e-type=\"section\">\n\t\t\t\t\t\t<div class=\"elementor-container elementor-column-gap-default\">\n\t\t\t\t\t<div class=\"elementor-column elementor-col-100 elementor-top-column elementor-element elementor-element-5ea41275\" data-id=\"5ea41275\" data-element_type=\"column\" data-e-type=\"column\">\n\t\t\t<div class=\"elementor-widget-wrap elementor-element-populated\">\n\t\t\t\t\t\t<div class=\"elementor-element elementor-element-30fa7cb9 elementor-widget elementor-widget-text-editor\" data-id=\"30fa7cb9\" data-element_type=\"widget\" data-e-type=\"widget\" data-widget_type=\"text-editor.default\">\n\t\t\t\t<div class=\"elementor-widget-container\">\n\t\t\t\t\t\t\t\t\t<p>El viernes 04 de noviembre 2022 se realiz\u00f3 en\u00a0<a href=\"http:\/\/www.cimapatagonia.org\/\" target=\"_blank\" rel=\"noopener\" data-type=\"URL\" data-id=\"http:\/\/www.cimapatagonia.org\/\">CIMA<\/a>, el Acto de firma del Convenio entre el\u00a0<a href=\"https:\/\/www.argentina.gob.ar\/ciencia\" target=\"_blank\" rel=\"noopener\" data-type=\"URL\" data-id=\"https:\/\/www.argentina.gob.ar\/ciencia\">Ministerio de Ciencia, Tecnolog\u00eda e Innovaci\u00f3n de la Naci\u00f3n<\/a>\u00a0y el<strong>\u00a0Parque Tecnol\u00f3gico Puerto Madryn<\/strong>\u00a0por el Programa Nacional de Bioprospecci\u00f3n y Puesta en Valor de la Biodiversidad.<br \/>Estuvieron presentes:<\/p><p><br \/>\u2022<a href=\"https:\/\/twitter.com\/FilmusDaniel?ref_src=twsrc%5Egoogle%7Ctwcamp%5Eserp%7Ctwgr%5Eauthor\" target=\"_blank\" rel=\"noopener\" data-type=\"URL\" data-id=\"https:\/\/twitter.com\/FilmusDaniel?ref_src=twsrc%5Egoogle%7Ctwcamp%5Eserp%7Ctwgr%5Eauthor\">\u00a0<\/a><a href=\"https:\/\/www.linkedin.com\/search\/results\/all\/?heroEntityKey=urn%3Ali%3Afsd_profile%3AACoAAAch8q0BP0XGMFb2OOnrgPdl_bWw5_ErH8Y&amp;keywords=daniel%20filmus&amp;origin=RICH_QUERY_TYPEAHEAD_HISTORY&amp;position=0&amp;searchId=0a55ce53-d86c-44da-820b-cfdb764ed792&amp;sid=M%3AX\" target=\"_blank\" rel=\"noopener\">EL SE\u00d1OR MINISTRO DE CIENCIA, TECNOLOG\u00cdA E INNOVACI\u00d3N DE LA NACI\u00d3N, LIC. DANIEL FERNANDO FILMUS.<\/a><\/p><p><br \/><a href=\"https:\/\/www.instagram.com\/mnoecorvalan\/\" target=\"_blank\" rel=\"noopener\" data-type=\"URL\" data-id=\"https:\/\/www.instagram.com\/mnoecorvalan\/\">\u2022\u00a0<\/a><a href=\"https:\/\/www.linkedin.com\/in\/mar%C3%ADa-noelia-corval%C3%A1n-carro-51472743\/\" target=\"_blank\" rel=\"noopener\">LA SE\u00d1ORA VICEINTENDENTA, PRESIDENTA DEL PARQUE TECNOL\u00d3GICO DE PUERTO MADRYN, MAGISTER NOELIA CORVAL\u00c1N CARRO<\/a><\/p><p><br \/><a href=\"https:\/\/www.linkedin.com\/in\/mauro-fabi%C3%A1n-carrasco-7492b5a0\/\" target=\"_blank\" rel=\"noopener\">\u2022 REPRESENTANDO AL GOBIERNO DE LA PROVINCIA DEL CHUBUT, EL SECRETARIO DE CIENCIA, TECNOLOG\u00cdA, INNOVACI\u00d3N PRODUCTIVA Y CULTURA, DOCTOR MAURO CARRASCO.<\/a><\/p><p><br \/>\u2022 LA SE\u00d1ORA RECTORA DE LA UNIVERSIDAD NACIONAL DE LA PATAGONIA SAN JUAN BOSCO, MASTER EN CIENCIAS LIDIA BLANCO<\/p><p><br \/><a href=\"http:\/\/www.cimapatagonia.org\/\" target=\"_blank\" rel=\"noopener\">\u2022 EL PRESIDENTE DE LA C\u00c1MARA CIMA QUE HOY NOS RECIBE EN SU CASA, OSCAR DETHIER<\/a><\/p><p><br \/><a href=\"https:\/\/www.linkedin.com\/in\/augustocrespi\/\" target=\"_blank\" rel=\"noopener\">\u2022 EL SE\u00d1OR DIRECTOR DEL INSTITUTO PATAG\u00d3NICO DEL MAR DE LA UNIVERSIDAD NACIONAL DE LA PATAGONIA SAN JUAN BOSCO, DOCTOR AUGUSTO CRESPI-ABRIL.<\/a><\/p><figure class=\"wp-block-image size-large\"><a class=\"swipebox\" title=\"\" href=\"https:\/\/parquetecnologicomadryn.org.ar\/wp-content\/uploads\/2022\/11\/2022-11-04-firma_Mesa-de-trabajo-1-copia-17.jpg\" data-rel=\"lightbox-image-0\" data-rl_title=\"\" data-rl_caption=\"\"><img fetchpriority=\"high\" decoding=\"async\" class=\"wp-image-4153\" title=\"Importante firma de convenio entre el Ministerio de Ciencia , Tecnolog\u00eda e Innovaci\u00f3n de Naci\u00f3n y el Parque Tecnol\u00f3gico de Puerto Madryn. 2\" src=\"https:\/\/parquetecnologicomadryn.org.ar\/wp-content\/uploads\/2022\/11\/2022-11-04-firma_Mesa-de-trabajo-1-copia-17-1024x1024.jpg\" sizes=\"(max-width: 1024px) 100vw, 1024px\" srcset=\"https:\/\/parquetecnologicomadryn.org.ar\/wp-content\/uploads\/2022\/11\/2022-11-04-firma_Mesa-de-trabajo-1-copia-17-1024x1024.jpg 1024w, https:\/\/parquetecnologicomadryn.org.ar\/wp-content\/uploads\/2022\/11\/2022-11-04-firma_Mesa-de-trabajo-1-copia-17-300x300.jpg 300w, https:\/\/parquetecnologicomadryn.org.ar\/wp-content\/uploads\/2022\/11\/2022-11-04-firma_Mesa-de-trabajo-1-copia-17-150x150.jpg 150w, https:\/\/parquetecnologicomadryn.org.ar\/wp-content\/uploads\/2022\/11\/2022-11-04-firma_Mesa-de-trabajo-1-copia-17-768x768.jpg 768w, https:\/\/parquetecnologicomadryn.org.ar\/wp-content\/uploads\/2022\/11\/2022-11-04-firma_Mesa-de-trabajo-1-copia-17-1536x1536.jpg 1536w, https:\/\/parquetecnologicomadryn.org.ar\/wp-content\/uploads\/2022\/11\/2022-11-04-firma_Mesa-de-trabajo-1-copia-17-2048x2048.jpg 2048w, https:\/\/parquetecnologicomadryn.org.ar\/wp-content\/uploads\/2022\/11\/2022-11-04-firma_Mesa-de-trabajo-1-copia-17-100x100.jpg 100w, https:\/\/parquetecnologicomadryn.org.ar\/wp-content\/uploads\/2022\/11\/2022-11-04-firma_Mesa-de-trabajo-1-copia-17-40x40.jpg 40w\" alt=\"2022 11 04 firma Mesa de trabajo 1 copia 17\" width=\"1024\" height=\"1024\" \/><\/a><\/figure><p>\u00a0<\/p><p><strong>El Ministerio de Ciencia, Tecnolog\u00eda e Innovaci\u00f3n de la Naci\u00f3n<\/strong>\u00a0cre\u00f3 el Programa Nacional de\u00a0<strong>Bioprospecci\u00f3n<\/strong>\u00a0y puesta en valor de la\u00a0<strong>biodiversidad<\/strong>, que tiene por objetivo dise\u00f1ar, poner en marcha y consolidar un banco de extractos que represente los principales grupos taxon\u00f3micos de la biodiversidad argentina.<br \/><br \/>Este Programa tiene dos etapas: la etapa de incubaci\u00f3n implementar\u00e1 un<strong>\u00a0banco inicial con 1.000 muestras<\/strong>, asociada a una base de datos y se llevar\u00e1 a cabo en el\u00a0<strong>Instituto Patag\u00f3nico del Mar<\/strong>\u00a0de la\u00a0<a href=\"http:\/\/www.unp.edu.ar\/\" target=\"_blank\" rel=\"noopener\">Universidad Nacional de la Patagonia San Juan Bosco<\/a>, sede Puerto Madryn. El equipo de investigaci\u00f3n del Laboratorio de Qu\u00edmica de Organismos Marinos tiene una amplia experiencia en el estudio qu\u00edmico y farmacol\u00f3gico de productos naturales. El proyecto ser\u00e1 liderado por el Dr. Augusto Crespi-Abril, Director del Instituto.<\/p><figure class=\"wp-block-image size-large\"><a class=\"swipebox\" title=\"\" href=\"https:\/\/parquetecnologicomadryn.org.ar\/wp-content\/uploads\/2022\/11\/2022-11-04-firma_Mesa-de-trabajo-1-copia-9.jpg\" data-rel=\"lightbox-image-1\" data-rl_title=\"\" data-rl_caption=\"\"><img decoding=\"async\" class=\"wp-image-4164\" title=\"Importante firma de convenio entre el Ministerio de Ciencia , Tecnolog\u00eda e Innovaci\u00f3n de Naci\u00f3n y el Parque Tecnol\u00f3gico de Puerto Madryn. 3\" src=\"https:\/\/parquetecnologicomadryn.org.ar\/wp-content\/uploads\/2022\/11\/2022-11-04-firma_Mesa-de-trabajo-1-copia-9-1024x1024.jpg\" sizes=\"(max-width: 1024px) 100vw, 1024px\" srcset=\"https:\/\/parquetecnologicomadryn.org.ar\/wp-content\/uploads\/2022\/11\/2022-11-04-firma_Mesa-de-trabajo-1-copia-9-1024x1024.jpg 1024w, https:\/\/parquetecnologicomadryn.org.ar\/wp-content\/uploads\/2022\/11\/2022-11-04-firma_Mesa-de-trabajo-1-copia-9-300x300.jpg 300w, https:\/\/parquetecnologicomadryn.org.ar\/wp-content\/uploads\/2022\/11\/2022-11-04-firma_Mesa-de-trabajo-1-copia-9-150x150.jpg 150w, https:\/\/parquetecnologicomadryn.org.ar\/wp-content\/uploads\/2022\/11\/2022-11-04-firma_Mesa-de-trabajo-1-copia-9-768x768.jpg 768w, https:\/\/parquetecnologicomadryn.org.ar\/wp-content\/uploads\/2022\/11\/2022-11-04-firma_Mesa-de-trabajo-1-copia-9-1536x1536.jpg 1536w, https:\/\/parquetecnologicomadryn.org.ar\/wp-content\/uploads\/2022\/11\/2022-11-04-firma_Mesa-de-trabajo-1-copia-9-2048x2048.jpg 2048w, https:\/\/parquetecnologicomadryn.org.ar\/wp-content\/uploads\/2022\/11\/2022-11-04-firma_Mesa-de-trabajo-1-copia-9-100x100.jpg 100w, https:\/\/parquetecnologicomadryn.org.ar\/wp-content\/uploads\/2022\/11\/2022-11-04-firma_Mesa-de-trabajo-1-copia-9-40x40.jpg 40w\" alt=\"2022 11 04 firma Mesa de trabajo 1 copia 9\" width=\"1024\" height=\"1024\" \/><\/a><\/figure><p><br \/>El objetivo del\u00a0<strong>CONVENIO<\/strong>\u00a0es implementar entre la PARTES la fase de incubaci\u00f3n de un<strong>\u00a0Banco de extractos\u00a0<\/strong>que represente los principales\u00a0<strong>grupos taxon\u00f3micos<\/strong>\u00a0de la biodiversidad argentina y que presenten un inter\u00e9s econ\u00f3mico potencial desde el punto de vista de su metabolismo secundario. Ello incluye principalmente plantas vasculares, hongos, microorganismos, y algunos organismos marinos, todos ellos de importancia manifiesta para cualquier investigaci\u00f3n inherente al descubrimiento de mol\u00e9culas novedosas de inter\u00e9s en el \u00e1mbito de la salud, alimentaci\u00f3n, cosm\u00e9tica y\/o qu\u00edmica.<\/p><figure class=\"wp-block-image size-large\"><a class=\"swipebox\" title=\"\" href=\"https:\/\/parquetecnologicomadryn.org.ar\/wp-content\/uploads\/2022\/11\/2022-11-04-firma_Mesa-de-trabajo-1-copia-16.jpg\" data-rel=\"lightbox-image-2\" data-rl_title=\"\" data-rl_caption=\"\"><img decoding=\"async\" class=\"wp-image-4158\" title=\"Importante firma de convenio entre el Ministerio de Ciencia , Tecnolog\u00eda e Innovaci\u00f3n de Naci\u00f3n y el Parque Tecnol\u00f3gico de Puerto Madryn. 4\" src=\"https:\/\/parquetecnologicomadryn.org.ar\/wp-content\/uploads\/2022\/11\/2022-11-04-firma_Mesa-de-trabajo-1-copia-16-1024x1024.jpg\" sizes=\"(max-width: 1024px) 100vw, 1024px\" srcset=\"https:\/\/parquetecnologicomadryn.org.ar\/wp-content\/uploads\/2022\/11\/2022-11-04-firma_Mesa-de-trabajo-1-copia-16-1024x1024.jpg 1024w, https:\/\/parquetecnologicomadryn.org.ar\/wp-content\/uploads\/2022\/11\/2022-11-04-firma_Mesa-de-trabajo-1-copia-16-300x300.jpg 300w, https:\/\/parquetecnologicomadryn.org.ar\/wp-content\/uploads\/2022\/11\/2022-11-04-firma_Mesa-de-trabajo-1-copia-16-150x150.jpg 150w, https:\/\/parquetecnologicomadryn.org.ar\/wp-content\/uploads\/2022\/11\/2022-11-04-firma_Mesa-de-trabajo-1-copia-16-768x768.jpg 768w, https:\/\/parquetecnologicomadryn.org.ar\/wp-content\/uploads\/2022\/11\/2022-11-04-firma_Mesa-de-trabajo-1-copia-16-1536x1536.jpg 1536w, https:\/\/parquetecnologicomadryn.org.ar\/wp-content\/uploads\/2022\/11\/2022-11-04-firma_Mesa-de-trabajo-1-copia-16-2048x2048.jpg 2048w, https:\/\/parquetecnologicomadryn.org.ar\/wp-content\/uploads\/2022\/11\/2022-11-04-firma_Mesa-de-trabajo-1-copia-16-100x100.jpg 100w, https:\/\/parquetecnologicomadryn.org.ar\/wp-content\/uploads\/2022\/11\/2022-11-04-firma_Mesa-de-trabajo-1-copia-16-40x40.jpg 40w\" alt=\"2022 11 04 firma Mesa de trabajo 1 copia 16\" width=\"1024\" height=\"1024\" \/><\/a><\/figure><figure class=\"wp-block-image size-large\"><a class=\"swipebox\" title=\"\" href=\"https:\/\/parquetecnologicomadryn.org.ar\/wp-content\/uploads\/2022\/11\/2022-11-04-firma_Mesa-de-trabajo-1-copia-15.jpg\" data-rel=\"lightbox-image-3\" data-rl_title=\"\" data-rl_caption=\"\"><img loading=\"lazy\" decoding=\"async\" class=\"wp-image-4157\" title=\"Importante firma de convenio entre el Ministerio de Ciencia , Tecnolog\u00eda e Innovaci\u00f3n de Naci\u00f3n y el Parque Tecnol\u00f3gico de Puerto Madryn. 5\" src=\"https:\/\/parquetecnologicomadryn.org.ar\/wp-content\/uploads\/2022\/11\/2022-11-04-firma_Mesa-de-trabajo-1-copia-15-1024x1024.jpg\" sizes=\"(max-width: 1024px) 100vw, 1024px\" srcset=\"https:\/\/parquetecnologicomadryn.org.ar\/wp-content\/uploads\/2022\/11\/2022-11-04-firma_Mesa-de-trabajo-1-copia-15-1024x1024.jpg 1024w, https:\/\/parquetecnologicomadryn.org.ar\/wp-content\/uploads\/2022\/11\/2022-11-04-firma_Mesa-de-trabajo-1-copia-15-300x300.jpg 300w, https:\/\/parquetecnologicomadryn.org.ar\/wp-content\/uploads\/2022\/11\/2022-11-04-firma_Mesa-de-trabajo-1-copia-15-150x150.jpg 150w, https:\/\/parquetecnologicomadryn.org.ar\/wp-content\/uploads\/2022\/11\/2022-11-04-firma_Mesa-de-trabajo-1-copia-15-768x768.jpg 768w, https:\/\/parquetecnologicomadryn.org.ar\/wp-content\/uploads\/2022\/11\/2022-11-04-firma_Mesa-de-trabajo-1-copia-15-1536x1536.jpg 1536w, https:\/\/parquetecnologicomadryn.org.ar\/wp-content\/uploads\/2022\/11\/2022-11-04-firma_Mesa-de-trabajo-1-copia-15-2048x2048.jpg 2048w, https:\/\/parquetecnologicomadryn.org.ar\/wp-content\/uploads\/2022\/11\/2022-11-04-firma_Mesa-de-trabajo-1-copia-15-100x100.jpg 100w, https:\/\/parquetecnologicomadryn.org.ar\/wp-content\/uploads\/2022\/11\/2022-11-04-firma_Mesa-de-trabajo-1-copia-15-40x40.jpg 40w\" alt=\"2022 11 04 firma Mesa de trabajo 1 copia 15\" width=\"1024\" height=\"1024\" \/><\/a><\/figure><p>\u00a0<\/p><p>Para poder llevar a cabo estas tareas el equipo de investigaci\u00f3n se instalar\u00e1 en el Laboratorio de la\u00a0<strong>C\u00e1mara CIMA<\/strong>\u00a0dentro del\u00a0<strong>Parque Tecnol\u00f3gico Puerto Madryn<\/strong>, quienes cuentan con un Laboratorio preparado. El equipamiento ser\u00e1 provisto por la UNPSJB y el Ministerio Nacional.<br \/>El Parque Tecnol\u00f3gico brindar\u00e1 las condiciones necesarias para esta etapa del Programa.<\/p><figure class=\"wp-block-image size-large\"><a class=\"swipebox\" title=\"\" href=\"https:\/\/parquetecnologicomadryn.org.ar\/wp-content\/uploads\/2022\/11\/2022-11-04-firma_Mesa-de-trabajo-1-copia-11.jpg\" data-rel=\"lightbox-image-4\" data-rl_title=\"\" data-rl_caption=\"\"><img loading=\"lazy\" decoding=\"async\" class=\"wp-image-4160\" title=\"Importante firma de convenio entre el Ministerio de Ciencia , Tecnolog\u00eda e Innovaci\u00f3n de Naci\u00f3n y el Parque Tecnol\u00f3gico de Puerto Madryn. 6\" src=\"https:\/\/parquetecnologicomadryn.org.ar\/wp-content\/uploads\/2022\/11\/2022-11-04-firma_Mesa-de-trabajo-1-copia-11-1024x1024.jpg\" sizes=\"(max-width: 1024px) 100vw, 1024px\" srcset=\"https:\/\/parquetecnologicomadryn.org.ar\/wp-content\/uploads\/2022\/11\/2022-11-04-firma_Mesa-de-trabajo-1-copia-11-1024x1024.jpg 1024w, https:\/\/parquetecnologicomadryn.org.ar\/wp-content\/uploads\/2022\/11\/2022-11-04-firma_Mesa-de-trabajo-1-copia-11-300x300.jpg 300w, https:\/\/parquetecnologicomadryn.org.ar\/wp-content\/uploads\/2022\/11\/2022-11-04-firma_Mesa-de-trabajo-1-copia-11-150x150.jpg 150w, https:\/\/parquetecnologicomadryn.org.ar\/wp-content\/uploads\/2022\/11\/2022-11-04-firma_Mesa-de-trabajo-1-copia-11-768x768.jpg 768w, https:\/\/parquetecnologicomadryn.org.ar\/wp-content\/uploads\/2022\/11\/2022-11-04-firma_Mesa-de-trabajo-1-copia-11-1536x1536.jpg 1536w, https:\/\/parquetecnologicomadryn.org.ar\/wp-content\/uploads\/2022\/11\/2022-11-04-firma_Mesa-de-trabajo-1-copia-11-2048x2048.jpg 2048w, https:\/\/parquetecnologicomadryn.org.ar\/wp-content\/uploads\/2022\/11\/2022-11-04-firma_Mesa-de-trabajo-1-copia-11-100x100.jpg 100w, https:\/\/parquetecnologicomadryn.org.ar\/wp-content\/uploads\/2022\/11\/2022-11-04-firma_Mesa-de-trabajo-1-copia-11-40x40.jpg 40w\" alt=\"2022 11 04 firma Mesa de trabajo 1 copia 11\" width=\"1024\" height=\"1024\" \/><\/a><\/figure><p><br \/><br \/>A ra\u00edz de ello, en ese mismo Acto, se suscribi\u00f3 un\u00a0<strong>Convenio tripartito\u00a0<\/strong>entre\u00a0<a href=\"http:\/\/www.unp.edu.ar\/\" target=\"_blank\" rel=\"noopener\">LA UNIVERSIDAD NACIONAL DE LA PATAGONIA SAN JUAN BOSCO<\/a>,\u00a0<strong>EL PARQUE TECNOL\u00d3GICO DE PUERTO MADRYN<\/strong>\u00a0Y LA\u00a0<strong>C\u00c1MARA INDUSTRIAL Y DE COMERCIO EXTERIOR DE PUERTO MADRYN Y REGI\u00d3N PATAGONIA<\/strong>\u00a0para la radicaci\u00f3n del Programa que se llevara acabo en el laboratorio por profesores investigadores de la UNPSJB y la primera Empresa de Base Tecnol\u00f3gica incubada por el Parque Tecnol\u00f3gico.<br \/><br \/>Las partes acordaron la realizaci\u00f3n de un Plan de Trabajo para el desarrollo del Banco de Extractos mencionado. Para tal fin, la CIMA se compromete a poner a disposici\u00f3n el espacio f\u00edsico que consiste en un laboratorio de 30m2, as\u00ed como permitir la instalaci\u00f3n del equipamiento que aportar\u00e1n la Universidad Nacional de la Patagonia y el Ministerio Nacional. El Parque Tecnol\u00f3gico se compromete a la cobertura de un seguro, as\u00ed como al mantenimiento y conservaci\u00f3n de las instalaciones, adem\u00e1s de realizar gestiones para obtener equipamientos adicionales y financiamientos<br \/><br \/><br \/>Parque Tecnol\u00f3gico de Puerto Madryn, Inspirando Innovaci\u00f3n.<\/p>\t\t\t\t\t\t\t\t<\/div>\n\t\t\t\t<\/div>\n\t\t\t\t\t<\/div>\n\t\t<\/div>\n\t\t\t\t\t<\/div>\n\t\t<\/section>\n\t\t\t\t<\/div>\n\t\t","protected":false},"excerpt":{"rendered":"<p>El viernes 04 de noviembre 2022 se realiz\u00f3 en\u00a0CIMA, el Acto de firma del Convenio entre el\u00a0Ministerio de Ciencia, Tecnolog\u00eda e Innovaci\u00f3n de la Naci\u00f3n\u00a0y el\u00a0Parque Tecnol\u00f3gico Puerto Madryn\u00a0por el Programa Nacional de Bioprospecci\u00f3n y Puesta en Valor de la Biodiversidad.Estuvieron presentes: \u2022\u00a0EL SE\u00d1OR MINISTRO DE CIENCIA, TECNOLOG\u00cdA E INNOVACI\u00d3N DE LA NACI\u00d3N, LIC. DANIEL [&hellip;]<\/p>\n","protected":false},"author":5,"featured_media":8336,"comment_status":"closed","ping_status":"closed","sticky":false,"template":"","format":"standard","meta":{"footnotes":""},"categories":[29],"tags":[],"class_list":["post-8319","post","type-post","status-publish","format-standard","has-post-thumbnail","hentry","category-noticias"],"_links":{"self":[{"href":"https:\/\/parquetecnologicomadryn.org.ar\/inicio\/wp-json\/wp\/v2\/posts\/8319","targetHints":{"allow":["GET"]}}],"collection":[{"href":"https:\/\/parquetecnologicomadryn.org.ar\/inicio\/wp-json\/wp\/v2\/posts"}],"about":[{"href":"https:\/\/parquetecnologicomadryn.org.ar\/inicio\/wp-json\/wp\/v2\/types\/post"}],"author":[{"embeddable":true,"href":"https:\/\/parquetecnologicomadryn.org.ar\/inicio\/wp-json\/wp\/v2\/users\/5"}],"replies":[{"embeddable":true,"href":"https:\/\/parquetecnologicomadryn.org.ar\/inicio\/wp-json\/wp\/v2\/comments?post=8319"}],"version-history":[{"count":5,"href":"https:\/\/parquetecnologicomadryn.org.ar\/inicio\/wp-json\/wp\/v2\/posts\/8319\/revisions"}],"predecessor-version":[{"id":8480,"href":"https:\/\/parquetecnologicomadryn.org.ar\/inicio\/wp-json\/wp\/v2\/posts\/8319\/revisions\/8480"}],"wp:featuredmedia":[{"embeddable":true,"href":"https:\/\/parquetecnologicomadryn.org.ar\/inicio\/wp-json\/wp\/v2\/media\/8336"}],"wp:attachment":[{"href":"https:\/\/parquetecnologicomadryn.org.ar\/inicio\/wp-json\/wp\/v2\/media?parent=8319"}],"wp:term":[{"taxonomy":"category","embeddable":true,"href":"https:\/\/parquetecnologicomadryn.org.ar\/inicio\/wp-json\/wp\/v2\/categories?post=8319"},{"taxonomy":"post_tag","embeddable":true,"href":"https:\/\/parquetecnologicomadryn.org.ar\/inicio\/wp-json\/wp\/v2\/tags?post=8319"}],"curies":[{"name":"wp","href":"https:\/\/api.w.org\/{rel}","templated":true}]}}